{"id":293,"date":"2019-05-20T11:01:15","date_gmt":"2019-05-20T09:01:15","guid":{"rendered":"http:\/\/www.michaelkritzinger.at\/?p=293"},"modified":"2019-05-20T11:01:47","modified_gmt":"2019-05-20T09:01:47","slug":"seniorenzentrum-zams-schoenwies-eu-weit-offener-wettbwerb","status":"publish","type":"post","link":"http:\/\/www.michaelkritzinger.at\/?p=293","title":{"rendered":"Seniorenzentrum Zams &#8211; Sch\u00f6nwies, EU-Weit offener Wettbwerb"},"content":{"rendered":"<p><img loading=\"lazy\" class=\"alignnone size-full wp-image-297\" src=\"http:\/\/www.michaelkritzinger.at\/wp-content\/uploads\/2019\/05\/lage..jpg\" alt=\"\" width=\"1024\" height=\"757\" srcset=\"http:\/\/www.michaelkritzinger.at\/wp-content\/uploads\/2019\/05\/lage..jpg 1024w, http:\/\/www.michaelkritzinger.at\/wp-content\/uploads\/2019\/05\/lage.-300x222.jpg 300w, http:\/\/www.michaelkritzinger.at\/wp-content\/uploads\/2019\/05\/lage.-768x568.jpg 768w\" sizes=\"(max-width: 1024px) 100vw, 1024px\" \/><\/p>\n<p class=\"western\" lang=\"de-AT\" align=\"left\">Die st\u00e4dtebauliche Ausgangssituation ist gepr\u00e4gt durch d\u00f6rflich gewachsene Strukturen. Im Kern hat sich von der Hauptstra\u00dfe Richtung S\u00fcd-Osten eine Achse mit \u00f6ffentlichen Einrichtungen f\u00fcr Bildung und soziales entwickelt.<\/p>\n<p class=\"western\" lang=\"de-AT\" align=\"left\">Sie vorhandenen Funktionen von Volksschule und Kindergarten schaffen mit dem Sozialzentrum einen gemeinsamen Sozialbereich f\u00fcr das d\u00f6rfliche Leben.<\/p>\n<p><img loading=\"lazy\" class=\"alignnone size-full wp-image-299\" src=\"http:\/\/www.michaelkritzinger.at\/wp-content\/uploads\/2019\/05\/schema_dorfentwicklung.jpg\" alt=\"\" width=\"1024\" height=\"2202\" srcset=\"http:\/\/www.michaelkritzinger.at\/wp-content\/uploads\/2019\/05\/schema_dorfentwicklung.jpg 1024w, http:\/\/www.michaelkritzinger.at\/wp-content\/uploads\/2019\/05\/schema_dorfentwicklung-140x300.jpg 140w, http:\/\/www.michaelkritzinger.at\/wp-content\/uploads\/2019\/05\/schema_dorfentwicklung-768x1652.jpg 768w, http:\/\/www.michaelkritzinger.at\/wp-content\/uploads\/2019\/05\/schema_dorfentwicklung-476x1024.jpg 476w\" sizes=\"(max-width: 1024px) 100vw, 1024px\" \/><\/p>\n<p>Die vorhandene Achse mit der Situierung des neuen Seniorenzentrums klar auszuformulieren und das Dorfzentrum mit einem \u201eGr\u00fcnen Band\u201c zur Promenade hin zu verbinden, bildet die Grundlage f\u00fcr die Projektidee.<\/p>\n<p class=\"western\" lang=\"de-AT\" align=\"left\">Das \u201eGr\u00fcne Band\u201c kann als R\u00fcckgrat f\u00fcr k\u00fcnftige Dorfentwicklungen verstanden werden.<\/p>\n<p class=\"western\" lang=\"de-AT\" align=\"left\">Ein wesentlicher st\u00e4dtebaulicher Aspekt war deshalb eine klare Haltung zur Weiterentwicklung der vorhandenen Strukturen und Freihaltung der Achse zur Schaffung einer generationenverbindenden Erschlie\u00dfungs- und Begegnungszone.<\/p>\n<p><img loading=\"lazy\" class=\"alignnone size-full wp-image-300\" src=\"http:\/\/www.michaelkritzinger.at\/wp-content\/uploads\/2019\/05\/schema_erschlie\u00dfung_struktur.jpg\" alt=\"\" width=\"1024\" height=\"1602\" srcset=\"http:\/\/www.michaelkritzinger.at\/wp-content\/uploads\/2019\/05\/schema_erschlie\u00dfung_struktur.jpg 1024w, http:\/\/www.michaelkritzinger.at\/wp-content\/uploads\/2019\/05\/schema_erschlie\u00dfung_struktur-192x300.jpg 192w, http:\/\/www.michaelkritzinger.at\/wp-content\/uploads\/2019\/05\/schema_erschlie\u00dfung_struktur-768x1202.jpg 768w, http:\/\/www.michaelkritzinger.at\/wp-content\/uploads\/2019\/05\/schema_erschlie\u00dfung_struktur-655x1024.jpg 655w\" sizes=\"(max-width: 1024px) 100vw, 1024px\" \/><\/p>\n<p class=\"western\" lang=\"de-AT\" align=\"left\">Das Geb\u00e4ude weist eine ann\u00e4hernd quadratische Au\u00dfenform auf, welche sich durch Einschnitte und Anordnung von Atrien nach innen hin spielerisch auflockert.<\/p>\n<p class=\"western\" lang=\"de-AT\" align=\"left\">Die 5-eckigen Atrien sind zueinander verdreht und bilden so vielf\u00e4ltige Raumerlebnisse, Blickbeziehungen und M\u00f6glichkeiten zur Bewegung auf einem Gescho\u00df.<\/p>\n<p class=\"western\" lang=\"de-AT\" align=\"left\">Wege &#8211; Pl\u00e4tze &#8211; Au\u00dfenr\u00e4ume bilden ein Raumkontinuum \u2013 es entsteht eine d\u00f6rfliche Struktur im inneren des Geb\u00e4udes und bietet so den Bewohnern ein individuelles Angebot sich zu bewegen, zu beobachten, oder zu verweilen.<\/p>\n<p class=\"western\" lang=\"de-AT\" align=\"left\">Die Wohngruppen mit zugeh\u00f6rigen Wohnbereichen und Freibereichen sind jeweils in zwei Gescho\u00dfen organisiert.<\/p>\n<p><img loading=\"lazy\" class=\"alignnone size-full wp-image-296\" src=\"http:\/\/www.michaelkritzinger.at\/wp-content\/uploads\/2019\/05\/EG.jpg\" alt=\"\" width=\"1024\" height=\"1615\" srcset=\"http:\/\/www.michaelkritzinger.at\/wp-content\/uploads\/2019\/05\/EG.jpg 1024w, http:\/\/www.michaelkritzinger.at\/wp-content\/uploads\/2019\/05\/EG-190x300.jpg 190w, http:\/\/www.michaelkritzinger.at\/wp-content\/uploads\/2019\/05\/EG-768x1211.jpg 768w, http:\/\/www.michaelkritzinger.at\/wp-content\/uploads\/2019\/05\/EG-649x1024.jpg 649w\" sizes=\"(max-width: 1024px) 100vw, 1024px\" \/><\/p>\n<p class=\"western\" lang=\"de-AT\" align=\"left\">Im Erdgescho\u00df befinden sich alle Allgemeinbereiche, wie Kapelle, Therapie, oder das Cafe, das als Drehscheibe zum \u00f6ffentlichen \u201cgr\u00fcnen Band\u201c hin fungiert.<\/p>\n<p class=\"western\" lang=\"de-AT\" align=\"left\">Im Dachgescho\u00df befindet sich die \u00dcbergangsfplege und die Dachterrassen, welche im gesch\u00fctzten Bereich u.a. als Demenzgarten gestaltet werden k\u00f6nnen.<\/p>\n<p><img loading=\"lazy\" class=\"alignnone size-full wp-image-298\" src=\"http:\/\/www.michaelkritzinger.at\/wp-content\/uploads\/2019\/05\/og_dg..jpg\" alt=\"\" width=\"1024\" height=\"757\" srcset=\"http:\/\/www.michaelkritzinger.at\/wp-content\/uploads\/2019\/05\/og_dg..jpg 1024w, http:\/\/www.michaelkritzinger.at\/wp-content\/uploads\/2019\/05\/og_dg.-300x222.jpg 300w, http:\/\/www.michaelkritzinger.at\/wp-content\/uploads\/2019\/05\/og_dg.-768x568.jpg 768w\" sizes=\"(max-width: 1024px) 100vw, 1024px\" \/><\/p>\n<p><img loading=\"lazy\" class=\"alignnone size-full wp-image-295\" src=\"http:\/\/www.michaelkritzinger.at\/wp-content\/uploads\/2019\/05\/ANS_Ost.jpg\" alt=\"\" width=\"1955\" height=\"757\" srcset=\"http:\/\/www.michaelkritzinger.at\/wp-content\/uploads\/2019\/05\/ANS_Ost.jpg 1955w, http:\/\/www.michaelkritzinger.at\/wp-content\/uploads\/2019\/05\/ANS_Ost-300x116.jpg 300w, http:\/\/www.michaelkritzinger.at\/wp-content\/uploads\/2019\/05\/ANS_Ost-768x297.jpg 768w, http:\/\/www.michaelkritzinger.at\/wp-content\/uploads\/2019\/05\/ANS_Ost-1024x397.jpg 1024w\" sizes=\"(max-width: 1955px) 100vw, 1955px\" \/><\/p>\n<p><img loading=\"lazy\" class=\"alignnone size-full wp-image-294\" src=\"http:\/\/www.michaelkritzinger.at\/wp-content\/uploads\/2019\/05\/ANS_Nord.jpg\" alt=\"\" width=\"1856\" height=\"757\" srcset=\"http:\/\/www.michaelkritzinger.at\/wp-content\/uploads\/2019\/05\/ANS_Nord.jpg 1856w, http:\/\/www.michaelkritzinger.at\/wp-content\/uploads\/2019\/05\/ANS_Nord-300x122.jpg 300w, http:\/\/www.michaelkritzinger.at\/wp-content\/uploads\/2019\/05\/ANS_Nord-768x313.jpg 768w, http:\/\/www.michaelkritzinger.at\/wp-content\/uploads\/2019\/05\/ANS_Nord-1024x418.jpg 1024w\" sizes=\"(max-width: 1856px) 100vw, 1856px\" \/><\/p>\n","protected":false},"excerpt":{"rendered":"<p>Die st\u00e4dtebauliche Ausgangssituation ist gepr\u00e4gt durch d\u00f6rflich gewachsene Strukturen. Im Kern hat sich von der Hauptstra\u00dfe Richtung S\u00fcd-Osten eine Achse mit \u00f6ffentlichen Einrichtungen f\u00fcr Bildung und soziales entwickelt. Sie vorhandenen Funktionen von Volksschule und Kindergarten schaffen mit dem Sozialzentrum einen gemeinsamen Sozialbereich f\u00fcr das d\u00f6rfliche Leben. Die vorhandene Achse mit der Situierung des neuen Seniorenzentrums &hellip; <a href=\"http:\/\/www.michaelkritzinger.at\/?p=293\" class=\"more-link\"><span class=\"screen-reader-text\">Seniorenzentrum Zams &#8211; Sch\u00f6nwies, EU-Weit offener Wettbwerb<\/span> weiterlesen <span class=\"meta-nav\">&rarr;<\/span><\/a><\/p>\n","protected":false},"author":1,"featured_media":301,"comment_status":"closed","ping_status":"closed","sticky":false,"template":"","format":"standard","meta":[],"categories":[5],"tags":[],"amp_enabled":true,"_links":{"self":[{"href":"http:\/\/www.michaelkritzinger.at\/index.php?rest_route=\/wp\/v2\/posts\/293"}],"collection":[{"href":"http:\/\/www.michaelkritzinger.at\/index.php?rest_route=\/wp\/v2\/posts"}],"about":[{"href":"http:\/\/www.michaelkritzinger.at\/index.php?rest_route=\/wp\/v2\/types\/post"}],"author":[{"embeddable":true,"href":"http:\/\/www.michaelkritzinger.at\/index.php?rest_route=\/wp\/v2\/users\/1"}],"replies":[{"embeddable":true,"href":"http:\/\/www.michaelkritzinger.at\/index.php?rest_route=%2Fwp%2Fv2%2Fcomments&post=293"}],"version-history":[{"count":1,"href":"http:\/\/www.michaelkritzinger.at\/index.php?rest_route=\/wp\/v2\/posts\/293\/revisions"}],"predecessor-version":[{"id":303,"href":"http:\/\/www.michaelkritzinger.at\/index.php?rest_route=\/wp\/v2\/posts\/293\/revisions\/303"}],"wp:featuredmedia":[{"embeddable":true,"href":"http:\/\/www.michaelkritzinger.at\/index.php?rest_route=\/wp\/v2\/media\/301"}],"wp:attachment":[{"href":"http:\/\/www.michaelkritzinger.at\/index.php?rest_route=%2Fwp%2Fv2%2Fmedia&parent=293"}],"wp:term":[{"taxonomy":"category","embeddable":true,"href":"http:\/\/www.michaelkritzinger.at\/index.php?rest_route=%2Fwp%2Fv2%2Fcategories&post=293"},{"taxonomy":"post_tag","embeddable":true,"href":"http:\/\/www.michaelkritzinger.at\/index.php?rest_route=%2Fwp%2Fv2%2Ftags&post=293"}],"curies":[{"name":"wp","href":"https:\/\/api.w.org\/{rel}","templated":true}]}}