{"id":239,"date":"2018-09-07T11:09:36","date_gmt":"2018-09-07T09:09:36","guid":{"rendered":"http:\/\/www.michaelkritzinger.at\/?p=239"},"modified":"2018-09-07T11:16:59","modified_gmt":"2018-09-07T09:16:59","slug":"bildungszentrum-gerlos-eu-weit-offener-wettbewerb","status":"publish","type":"post","link":"http:\/\/www.michaelkritzinger.at\/?p=239","title":{"rendered":"Bildungszentrum Gerlos &#8211; EU-weit offener Wettbewerb"},"content":{"rendered":"<p><img loading=\"lazy\" class=\"alignnone size-full wp-image-253\" src=\"http:\/\/www.michaelkritzinger.at\/wp-content\/uploads\/2018\/09\/Gerlos_Schwarzplan.jpg\" alt=\"\" width=\"1204\" height=\"1204\" srcset=\"http:\/\/www.michaelkritzinger.at\/wp-content\/uploads\/2018\/09\/Gerlos_Schwarzplan.jpg 1204w, http:\/\/www.michaelkritzinger.at\/wp-content\/uploads\/2018\/09\/Gerlos_Schwarzplan-150x150.jpg 150w, http:\/\/www.michaelkritzinger.at\/wp-content\/uploads\/2018\/09\/Gerlos_Schwarzplan-300x300.jpg 300w, http:\/\/www.michaelkritzinger.at\/wp-content\/uploads\/2018\/09\/Gerlos_Schwarzplan-768x768.jpg 768w, http:\/\/www.michaelkritzinger.at\/wp-content\/uploads\/2018\/09\/Gerlos_Schwarzplan-1024x1024.jpg 1024w\" sizes=\"(max-width: 1204px) 100vw, 1204px\" \/><\/p>\n<p class=\"western\" align=\"left\"><span style=\"color: #000000;\"><span style=\"font-family: Arial, sans-serif;\"><span style=\"font-size: small;\"><span lang=\"de-AT\">Die topologische Ausgangssituation f\u00fcr das Areal wird durch eine nach S\u00fcd-Osten drehenede Hanglage und einer darauf folgenden Ausrichtung der bestehenden, umliegenden Geb\u00e4ude gepr\u00e4gt.<\/span><\/span><\/span><\/span><\/p>\n<p class=\"western\" align=\"justify\"><span style=\"font-family: Arial, sans-serif;\"><span style=\"font-size: small;\">Das Projekt nimmt diese Verdrehung auf und f\u00fcgt sich so nat\u00fcrliche in die Umgebung ein.<\/span><\/span><\/p>\n<p><img loading=\"lazy\" class=\"alignnone size-full wp-image-244\" src=\"http:\/\/www.michaelkritzinger.at\/wp-content\/uploads\/2018\/09\/Gerlos_Lage.jpg\" alt=\"\" width=\"1204\" height=\"1204\" srcset=\"http:\/\/www.michaelkritzinger.at\/wp-content\/uploads\/2018\/09\/Gerlos_Lage.jpg 1204w, http:\/\/www.michaelkritzinger.at\/wp-content\/uploads\/2018\/09\/Gerlos_Lage-150x150.jpg 150w, http:\/\/www.michaelkritzinger.at\/wp-content\/uploads\/2018\/09\/Gerlos_Lage-300x300.jpg 300w, http:\/\/www.michaelkritzinger.at\/wp-content\/uploads\/2018\/09\/Gerlos_Lage-768x768.jpg 768w, http:\/\/www.michaelkritzinger.at\/wp-content\/uploads\/2018\/09\/Gerlos_Lage-1024x1024.jpg 1024w\" sizes=\"(max-width: 1204px) 100vw, 1204px\" \/><\/p>\n<p class=\"western\" align=\"justify\">Die grundlegende Projektidee besch\u00e4ftigt sich mit dem Spiel der Wahrnehmung des Geb\u00e4udes als Gro\u00dfform, oder als Addition von Einzelbauk\u00f6rpern, wobei der Schwerpunkt im Versuch liegt, im \u201eDazwischen\u201c vielf\u00e4ltige Au\u00dfenr\u00e4ume f\u00fcr unterschiedliche Nutzungen zu schaffen.<\/p>\n<p class=\"western\" align=\"justify\">Durch Stapelung der Funktionen und Freibereiche wird ein entdecken der 3. Dimension erm\u00f6glicht \u2013 vielleicht wie man es in einem \u201eBaumhaus\u201c erleben kann.<\/p>\n<p><img loading=\"lazy\" class=\"alignnone size-full wp-image-247\" src=\"http:\/\/www.michaelkritzinger.at\/wp-content\/uploads\/2018\/09\/Gerlos_Schema_Aussenr\u00e4ume.jpg\" alt=\"\" width=\"1204\" height=\"1204\" srcset=\"http:\/\/www.michaelkritzinger.at\/wp-content\/uploads\/2018\/09\/Gerlos_Schema_Aussenr\u00e4ume.jpg 1204w, http:\/\/www.michaelkritzinger.at\/wp-content\/uploads\/2018\/09\/Gerlos_Schema_Aussenr\u00e4ume-150x150.jpg 150w, http:\/\/www.michaelkritzinger.at\/wp-content\/uploads\/2018\/09\/Gerlos_Schema_Aussenr\u00e4ume-300x300.jpg 300w, http:\/\/www.michaelkritzinger.at\/wp-content\/uploads\/2018\/09\/Gerlos_Schema_Aussenr\u00e4ume-768x768.jpg 768w, http:\/\/www.michaelkritzinger.at\/wp-content\/uploads\/2018\/09\/Gerlos_Schema_Aussenr\u00e4ume-1024x1024.jpg 1024w\" sizes=\"(max-width: 1204px) 100vw, 1204px\" \/>Gedeckte Bereiche, Terrassen und Gartenbereiche gliedern die Au\u00dfenr\u00e4ume \u00fcber 3 Ebenen, laden zum Entdecken ein und bilden vielseitig erlebbare Freibereiche.<\/p>\n<p class=\"western\" align=\"justify\">Die Volksschule verf\u00fcgt im Erdgeschoss \u00fcber einen Gartenausgang mit Zentralgarderobe, sowie im Kreativbereich im 1. Obergeschoss \u00fcber gedeckte Bereiche f\u00fcr die Freiklasse, Werkhof und Nachmittagsbetreuung.<\/p>\n<p class=\"western\" align=\"justify\">Die Kinderkrippe befindet sich mit der Zentralgarderobe im 1. OG und hat direkt vorgelagert ihren gesch\u00fctzten Freibereich.<\/p>\n<p class=\"western\" align=\"justify\">Der Kindergarten befindet sich im 2. OG mit Terrasse und Gartenausgang im 1.OG, sowie einer Verbindung ins EG zum Gartenbereich.<\/p>\n<p><img loading=\"lazy\" class=\"alignnone size-full wp-image-248\" src=\"http:\/\/www.michaelkritzinger.at\/wp-content\/uploads\/2018\/09\/Gerlos_Schema_Erschliessung.jpg\" alt=\"\" width=\"1204\" height=\"1204\" srcset=\"http:\/\/www.michaelkritzinger.at\/wp-content\/uploads\/2018\/09\/Gerlos_Schema_Erschliessung.jpg 1204w, http:\/\/www.michaelkritzinger.at\/wp-content\/uploads\/2018\/09\/Gerlos_Schema_Erschliessung-150x150.jpg 150w, http:\/\/www.michaelkritzinger.at\/wp-content\/uploads\/2018\/09\/Gerlos_Schema_Erschliessung-300x300.jpg 300w, http:\/\/www.michaelkritzinger.at\/wp-content\/uploads\/2018\/09\/Gerlos_Schema_Erschliessung-768x768.jpg 768w, http:\/\/www.michaelkritzinger.at\/wp-content\/uploads\/2018\/09\/Gerlos_Schema_Erschliessung-1024x1024.jpg 1024w\" sizes=\"(max-width: 1204px) 100vw, 1204px\" \/><img loading=\"lazy\" class=\"alignnone size-full wp-image-249\" src=\"http:\/\/www.michaelkritzinger.at\/wp-content\/uploads\/2018\/09\/Gerlos_Schema_Geb\u00e4udetruktur_1.jpg\" alt=\"\" width=\"1204\" height=\"1204\" srcset=\"http:\/\/www.michaelkritzinger.at\/wp-content\/uploads\/2018\/09\/Gerlos_Schema_Geb\u00e4udetruktur_1.jpg 1204w, http:\/\/www.michaelkritzinger.at\/wp-content\/uploads\/2018\/09\/Gerlos_Schema_Geb\u00e4udetruktur_1-150x150.jpg 150w, http:\/\/www.michaelkritzinger.at\/wp-content\/uploads\/2018\/09\/Gerlos_Schema_Geb\u00e4udetruktur_1-300x300.jpg 300w, http:\/\/www.michaelkritzinger.at\/wp-content\/uploads\/2018\/09\/Gerlos_Schema_Geb\u00e4udetruktur_1-768x768.jpg 768w, http:\/\/www.michaelkritzinger.at\/wp-content\/uploads\/2018\/09\/Gerlos_Schema_Geb\u00e4udetruktur_1-1024x1024.jpg 1024w\" sizes=\"(max-width: 1204px) 100vw, 1204px\" \/>Die statische Grundstruktur ist auf einen 8x8m- Raster aufgebaut, welcher eine k\u00fcnftige Umnutzung bei ver\u00e4nderten Anforderungen erleichtert.<img loading=\"lazy\" class=\"alignnone size-full wp-image-250\" src=\"http:\/\/www.michaelkritzinger.at\/wp-content\/uploads\/2018\/09\/Gerlos_Schema_Geb\u00e4udetruktur_2.jpg\" alt=\"\" width=\"1204\" height=\"1204\" srcset=\"http:\/\/www.michaelkritzinger.at\/wp-content\/uploads\/2018\/09\/Gerlos_Schema_Geb\u00e4udetruktur_2.jpg 1204w, http:\/\/www.michaelkritzinger.at\/wp-content\/uploads\/2018\/09\/Gerlos_Schema_Geb\u00e4udetruktur_2-150x150.jpg 150w, http:\/\/www.michaelkritzinger.at\/wp-content\/uploads\/2018\/09\/Gerlos_Schema_Geb\u00e4udetruktur_2-300x300.jpg 300w, http:\/\/www.michaelkritzinger.at\/wp-content\/uploads\/2018\/09\/Gerlos_Schema_Geb\u00e4udetruktur_2-768x768.jpg 768w, http:\/\/www.michaelkritzinger.at\/wp-content\/uploads\/2018\/09\/Gerlos_Schema_Geb\u00e4udetruktur_2-1024x1024.jpg 1024w\" sizes=\"(max-width: 1204px) 100vw, 1204px\" \/> <img loading=\"lazy\" class=\"alignnone size-full wp-image-243\" src=\"http:\/\/www.michaelkritzinger.at\/wp-content\/uploads\/2018\/09\/Gerlos_EG.jpg\" alt=\"\" width=\"1204\" height=\"1204\" srcset=\"http:\/\/www.michaelkritzinger.at\/wp-content\/uploads\/2018\/09\/Gerlos_EG.jpg 1204w, http:\/\/www.michaelkritzinger.at\/wp-content\/uploads\/2018\/09\/Gerlos_EG-150x150.jpg 150w, http:\/\/www.michaelkritzinger.at\/wp-content\/uploads\/2018\/09\/Gerlos_EG-300x300.jpg 300w, http:\/\/www.michaelkritzinger.at\/wp-content\/uploads\/2018\/09\/Gerlos_EG-768x768.jpg 768w, http:\/\/www.michaelkritzinger.at\/wp-content\/uploads\/2018\/09\/Gerlos_EG-1024x1024.jpg 1024w\" sizes=\"(max-width: 1204px) 100vw, 1204px\" \/><\/p>\n<p class=\"western\" align=\"justify\">\u00dcber einem einheitlichen Erdgeschoss gliedert sich das Geb\u00e4ude in zwei Strukturen mit unterschiedlicher Orthogonalit\u00e4t, welche im Zwischenraum einen Freibereich generieren.<\/p>\n<p class=\"western\" align=\"justify\">In der einen Struktur befindet sich die Volksschule und in der anderen der Kindergarten und die Kinderkrippe.<\/p>\n<p class=\"western\" align=\"justify\">Die Erschlie\u00dfung erfolgt im EG \u00fcber einen multifunktionalen Foyerbereich mit Sitzstufen und Einsicht in den Turnsaal.<\/p>\n<p class=\"western\" align=\"justify\">Dar\u00fcber liegend befindet sich einerseits der Kreativbereich der Volksschule, sowie die Kinderkrippe mit dem Zugang zum Kindergarten.<\/p>\n<p class=\"western\" align=\"justify\">\u00dcber dem Kreativbereich befindet sich das Cluster-Geschoss, welches \u00fcber in den Ecken liegenden Klassenbereichen in der Mitte einen Marktplatz aufspannt.<\/p>\n<p class=\"western\" align=\"justify\">Die Struktur l\u00f6st sich in einen vielseitig nutzbaren Raster auf, welcher \u00fcber M\u00f6blierung und mobile Trennw\u00e4nde eine flexible Nutzung erm\u00f6glicht.<\/p>\n<p class=\"western\" align=\"justify\">Der Turnsaal verf\u00fcgt \u00fcber eine externen Zugang vom Vorplatz und wird, wie auch alle anderen Gescho\u00dfe und Au\u00dfenbereiche, \u00fcber einen Lift barrierefrei erschlossen.<\/p>\n<p class=\"western\" align=\"justify\">\u00a0 <img loading=\"lazy\" class=\"alignnone size-full wp-image-245\" src=\"http:\/\/www.michaelkritzinger.at\/wp-content\/uploads\/2018\/09\/Gerlos_OG1.jpg\" alt=\"\" width=\"1204\" height=\"1204\" srcset=\"http:\/\/www.michaelkritzinger.at\/wp-content\/uploads\/2018\/09\/Gerlos_OG1.jpg 1204w, http:\/\/www.michaelkritzinger.at\/wp-content\/uploads\/2018\/09\/Gerlos_OG1-150x150.jpg 150w, http:\/\/www.michaelkritzinger.at\/wp-content\/uploads\/2018\/09\/Gerlos_OG1-300x300.jpg 300w, http:\/\/www.michaelkritzinger.at\/wp-content\/uploads\/2018\/09\/Gerlos_OG1-768x768.jpg 768w, http:\/\/www.michaelkritzinger.at\/wp-content\/uploads\/2018\/09\/Gerlos_OG1-1024x1024.jpg 1024w\" sizes=\"(max-width: 1204px) 100vw, 1204px\" \/> <img loading=\"lazy\" class=\"alignnone size-full wp-image-246\" src=\"http:\/\/www.michaelkritzinger.at\/wp-content\/uploads\/2018\/09\/Gerlos_OG2.jpg\" alt=\"\" width=\"1204\" height=\"1204\" srcset=\"http:\/\/www.michaelkritzinger.at\/wp-content\/uploads\/2018\/09\/Gerlos_OG2.jpg 1204w, http:\/\/www.michaelkritzinger.at\/wp-content\/uploads\/2018\/09\/Gerlos_OG2-150x150.jpg 150w, http:\/\/www.michaelkritzinger.at\/wp-content\/uploads\/2018\/09\/Gerlos_OG2-300x300.jpg 300w, http:\/\/www.michaelkritzinger.at\/wp-content\/uploads\/2018\/09\/Gerlos_OG2-768x768.jpg 768w, http:\/\/www.michaelkritzinger.at\/wp-content\/uploads\/2018\/09\/Gerlos_OG2-1024x1024.jpg 1024w\" sizes=\"(max-width: 1204px) 100vw, 1204px\" \/><img loading=\"lazy\" class=\"alignnone size-full wp-image-254\" src=\"http:\/\/www.michaelkritzinger.at\/wp-content\/uploads\/2018\/09\/Gerlos_UG.jpg\" alt=\"\" width=\"1204\" height=\"1204\" srcset=\"http:\/\/www.michaelkritzinger.at\/wp-content\/uploads\/2018\/09\/Gerlos_UG.jpg 1204w, http:\/\/www.michaelkritzinger.at\/wp-content\/uploads\/2018\/09\/Gerlos_UG-150x150.jpg 150w, http:\/\/www.michaelkritzinger.at\/wp-content\/uploads\/2018\/09\/Gerlos_UG-300x300.jpg 300w, http:\/\/www.michaelkritzinger.at\/wp-content\/uploads\/2018\/09\/Gerlos_UG-768x768.jpg 768w, http:\/\/www.michaelkritzinger.at\/wp-content\/uploads\/2018\/09\/Gerlos_UG-1024x1024.jpg 1024w\" sizes=\"(max-width: 1204px) 100vw, 1204px\" \/>\u00a0\u00a0\u00a0\u00a0 <img loading=\"lazy\" class=\"alignnone size-full wp-image-251\" src=\"http:\/\/www.michaelkritzinger.at\/wp-content\/uploads\/2018\/09\/Gerlos_Schnitt_l\u00e4ngs.jpg\" alt=\"\" width=\"1204\" height=\"757\" srcset=\"http:\/\/www.michaelkritzinger.at\/wp-content\/uploads\/2018\/09\/Gerlos_Schnitt_l\u00e4ngs.jpg 1204w, http:\/\/www.michaelkritzinger.at\/wp-content\/uploads\/2018\/09\/Gerlos_Schnitt_l\u00e4ngs-300x189.jpg 300w, http:\/\/www.michaelkritzinger.at\/wp-content\/uploads\/2018\/09\/Gerlos_Schnitt_l\u00e4ngs-768x483.jpg 768w, http:\/\/www.michaelkritzinger.at\/wp-content\/uploads\/2018\/09\/Gerlos_Schnitt_l\u00e4ngs-1024x644.jpg 1024w\" sizes=\"(max-width: 1204px) 100vw, 1204px\" \/> <img loading=\"lazy\" class=\"alignnone size-full wp-image-252\" src=\"http:\/\/www.michaelkritzinger.at\/wp-content\/uploads\/2018\/09\/Gerlos_Schnitt_quer.jpg\" alt=\"\" width=\"1204\" height=\"757\" srcset=\"http:\/\/www.michaelkritzinger.at\/wp-content\/uploads\/2018\/09\/Gerlos_Schnitt_quer.jpg 1204w, http:\/\/www.michaelkritzinger.at\/wp-content\/uploads\/2018\/09\/Gerlos_Schnitt_quer-300x189.jpg 300w, http:\/\/www.michaelkritzinger.at\/wp-content\/uploads\/2018\/09\/Gerlos_Schnitt_quer-768x483.jpg 768w, http:\/\/www.michaelkritzinger.at\/wp-content\/uploads\/2018\/09\/Gerlos_Schnitt_quer-1024x644.jpg 1024w\" sizes=\"(max-width: 1204px) 100vw, 1204px\" \/><\/p>\n<p>&nbsp;<\/p>\n","protected":false},"excerpt":{"rendered":"<p>Die topologische Ausgangssituation f\u00fcr das Areal wird durch eine nach S\u00fcd-Osten drehenede Hanglage und einer darauf folgenden Ausrichtung der bestehenden, umliegenden Geb\u00e4ude gepr\u00e4gt. Das Projekt nimmt diese Verdrehung auf und f\u00fcgt sich so nat\u00fcrliche in die Umgebung ein. Die grundlegende Projektidee besch\u00e4ftigt sich mit dem Spiel der Wahrnehmung des Geb\u00e4udes als Gro\u00dfform, oder als Addition &hellip; <a href=\"http:\/\/www.michaelkritzinger.at\/?p=239\" class=\"more-link\"><span class=\"screen-reader-text\">Bildungszentrum Gerlos &#8211; EU-weit offener Wettbewerb<\/span> weiterlesen <span class=\"meta-nav\">&rarr;<\/span><\/a><\/p>\n","protected":false},"author":1,"featured_media":242,"comment_status":"closed","ping_status":"closed","sticky":false,"template":"","format":"standard","meta":[],"categories":[5],"tags":[],"amp_enabled":true,"_links":{"self":[{"href":"http:\/\/www.michaelkritzinger.at\/index.php?rest_route=\/wp\/v2\/posts\/239"}],"collection":[{"href":"http:\/\/www.michaelkritzinger.at\/index.php?rest_route=\/wp\/v2\/posts"}],"about":[{"href":"http:\/\/www.michaelkritzinger.at\/index.php?rest_route=\/wp\/v2\/types\/post"}],"author":[{"embeddable":true,"href":"http:\/\/www.michaelkritzinger.at\/index.php?rest_route=\/wp\/v2\/users\/1"}],"replies":[{"embeddable":true,"href":"http:\/\/www.michaelkritzinger.at\/index.php?rest_route=%2Fwp%2Fv2%2Fcomments&post=239"}],"version-history":[{"count":5,"href":"http:\/\/www.michaelkritzinger.at\/index.php?rest_route=\/wp\/v2\/posts\/239\/revisions"}],"predecessor-version":[{"id":258,"href":"http:\/\/www.michaelkritzinger.at\/index.php?rest_route=\/wp\/v2\/posts\/239\/revisions\/258"}],"wp:featuredmedia":[{"embeddable":true,"href":"http:\/\/www.michaelkritzinger.at\/index.php?rest_route=\/wp\/v2\/media\/242"}],"wp:attachment":[{"href":"http:\/\/www.michaelkritzinger.at\/index.php?rest_route=%2Fwp%2Fv2%2Fmedia&parent=239"}],"wp:term":[{"taxonomy":"category","embeddable":true,"href":"http:\/\/www.michaelkritzinger.at\/index.php?rest_route=%2Fwp%2Fv2%2Fcategories&post=239"},{"taxonomy":"post_tag","embeddable":true,"href":"http:\/\/www.michaelkritzinger.at\/index.php?rest_route=%2Fwp%2Fv2%2Ftags&post=239"}],"curies":[{"name":"wp","href":"https:\/\/api.w.org\/{rel}","templated":true}]}}